{"id":1922,"date":"2012-09-25T10:03:14","date_gmt":"2012-09-25T09:03:14","guid":{"rendered":"http:\/\/www.centroopticoalpedrete.com\/blog\/?p=1922"},"modified":"2015-11-15T13:12:44","modified_gmt":"2015-11-15T12:12:44","slug":"iberdrola-con-gafas-oakley-campeon-de-europa","status":"publish","type":"post","link":"https:\/\/www.centroopticoalpedrete.com\/blog\/iberdrola-con-gafas-oakley-campeon-de-europa\/","title":{"rendered":"Iberdrola, con gafas Oakley, Campeon de Europa."},"content":{"rendered":"<p>El &#8216;Team Iberdrola&#8217; \u00a0del armador donostiarra Agust\u00edn Zulueta y patroneado por el doble campe\u00f3n mundial de la clase J80, el c\u00e1ntabro Jos\u00e9 Mar\u00eda &#8216;Pichu&#8217; Torcida, conseguido renovar su titulo de Campeon de Europa de la clase Soto 40 despues de \u00a0concluir su \u00a0su participaci\u00f3n con un tercer puesto en la \u00faltima manga , despu\u00e9s de un verdadero recital de navegaci\u00f3n durante cuatro jornadas.<\/p>\n<p>Ahora a por el Titulo Mundial en Bahia Concepcion (Chile) del 25 de Enero al 2 de Febrero de 2013.<\/p>\n<p>En el seguiente video podeis ver al equipo equipado con <a title=\"Oakley Jawbone con el Team Iberdrola, Campeon de Europa \" href=\"https:\/\/www.centroopticoalpedrete.com\/oakley-jawbone.html\">Oakley Jawbone<\/a> \/<a title=\"Oakley Racing Jacket con el Team Iberdrola, campeon de Europa 2012\" href=\"https:\/\/www.centroopticoalpedrete.com\/oakley-racing-jacket-OO9171.html\"> Oakley Racing Jacket<\/a>\u00a0y <a title=\"Oakley Radar Path Personalizadas para el Iberdrola Tema, campeon de Europa de 2012\" href=\"https:\/\/www.centroopticoalpedrete.com\/oakley-custom-radar.html\">Radar Personalizadas<\/a> de Agustin Zulueta.<\/p>\n<div id=\"attachment_1923\" style=\"width: 530px\" class=\"wp-caption aligncenter\"><a href=\"https:\/\/www.centroopticoalpedrete.com\/blog\/wp-content\/uploads\/2012\/09\/110415soto40_nm_0499.jpg\"><img fetchpriority=\"high\" decoding=\"async\" aria-describedby=\"caption-attachment-1923\" class=\" wp-image-1923 \" title=\"Iberdrola Team con gafas Oakley Jawbone celebrando su renovado titulo de campeon de Europa.\" src=\"https:\/\/www.centroopticoalpedrete.com\/blog\/wp-content\/uploads\/2012\/09\/110415soto40_nm_0499.jpg\" alt=\"Iberdrola Team con gafas Oakley Jawbone celebrando su renovado titulo de campeon de Europa.\" width=\"520\" height=\"338\" \/><\/a><p id=\"caption-attachment-1923\" class=\"wp-caption-text\">Iberdrola Team con gafas Oakley Jawbone celebrando su renovado titulo de campeon de Europa.<\/p><\/div>\n<div id=\"attachment_1924\" style=\"width: 501px\" class=\"wp-caption aligncenter\"><a href=\"https:\/\/www.centroopticoalpedrete.com\/blog\/wp-content\/uploads\/2012\/09\/20120922-valencia_3552_1280_1-2.jpg\"><img decoding=\"async\" aria-describedby=\"caption-attachment-1924\" class=\" wp-image-1924   \" title=\"Iberdrola Team con gafas Oakley Jawbone celebrando su renovado titulo de campeon de Europa.\" src=\"https:\/\/www.centroopticoalpedrete.com\/blog\/wp-content\/uploads\/2012\/09\/20120922-valencia_3552_1280_1-2.jpg\" alt=\"Iberdrola Team con gafas Oakley Jawbone celebrando su renovado titulo de campeon de Europa.\" width=\"491\" height=\"346\" \/><\/a><p id=\"caption-attachment-1924\" class=\"wp-caption-text\">Iberdrola Team con gafas Oakley Jawbone celebrando su renovado titulo de campeon de Europa.<\/p><\/div>\n<p>[youtube ZhSL05JVGm0]<\/p>\n<p>&nbsp;<\/p>\n","protected":false},"excerpt":{"rendered":"<p>El &#8216;Team Iberdrola&#8217; \u00a0del armador donostiarra Agust\u00edn Zulueta y patroneado por el doble campe\u00f3n mundial de la clase J80, el c\u00e1ntabro Jos\u00e9 Mar\u00eda &#8216;Pichu&#8217; Torcida, conseguido renovar su titulo de Campeon de Europa de la clase Soto 40 despues de &hellip; <a href=\"https:\/\/www.centroopticoalpedrete.com\/blog\/iberdrola-con-gafas-oakley-campeon-de-europa\/\">Sigue leyendo <span class=\"meta-nav\">&rarr;<\/span><\/a><\/p>\n","protected":false},"author":1,"featured_media":0,"comment_status":"open","ping_status":"closed","sticky":false,"template":"","format":"standard","meta":{"_joinchat":[],"footnotes":""},"categories":[610],"tags":[],"class_list":["post-1922","post","type-post","status-publish","format-standard","hentry","category-gafas-oakley"],"yoast_head":"<!-- This site is optimized with the Yoast SEO plugin v27.5 - https:\/\/yoast.com\/product\/yoast-seo-wordpress\/ -->\n<title>Iberdrola, con gafas Oakley, Campeon de Europa.<\/title>\n<meta name=\"description\" content=\"El &#039;Team Iberdrola&#039; del armador donostiarra Agust\u00edn Zulueta y patroneado por el doble campe\u00f3n mundial de la clase J80, el c\u00e1ntabro Jos\u00e9 Mar\u00eda &#039;Pichu&#039; Torcida, conseguido renovar su titulo de Campeon de Europa de la clase Soto 40 despues de concluir su su participaci\u00f3n con un tercer puesto en la \u00faltima manga , despu\u00e9s de un verdadero recital de navegaci\u00f3n durante cuatro jornadas. Ahora a por el Titulo Mundial en Bahia Concepcion (Chile) del 25 de Enero al 2 de Febrero de 2013.\" \/>\n<meta name=\"robots\" content=\"index, follow, max-snippet:-1, max-image-preview:large, max-video-preview:-1\" \/>\n<link rel=\"canonical\" href=\"https:\/\/www.centroopticoalpedrete.com\/blog\/iberdrola-con-gafas-oakley-campeon-de-europa\/\" \/>\n<meta property=\"og:locale\" content=\"es_ES\" \/>\n<meta property=\"og:type\" content=\"article\" \/>\n<meta property=\"og:title\" content=\"Iberdrola, con gafas Oakley, Campeon de Europa.\" \/>\n<meta property=\"og:description\" content=\"El &#039;Team Iberdrola&#039; del armador donostiarra Agust\u00edn Zulueta y patroneado por el doble campe\u00f3n mundial de la clase J80, el c\u00e1ntabro Jos\u00e9 Mar\u00eda &#039;Pichu&#039; Torcida, conseguido renovar su titulo de Campeon de Europa de la clase Soto 40 despues de concluir su su participaci\u00f3n con un tercer puesto en la \u00faltima manga , despu\u00e9s de un verdadero recital de navegaci\u00f3n durante cuatro jornadas. Ahora a por el Titulo Mundial en Bahia Concepcion (Chile) del 25 de Enero al 2 de Febrero de 2013.\" \/>\n<meta property=\"og:url\" content=\"https:\/\/www.centroopticoalpedrete.com\/blog\/iberdrola-con-gafas-oakley-campeon-de-europa\/\" \/>\n<meta property=\"og:site_name\" content=\"Art\u00edculos sobre Gafas Deportivas Graduadas | Centro \u00d3ptico Alpedrete\" \/>\n<meta property=\"article:publisher\" content=\"https:\/\/www.facebook.com\/Oakley.Madrid\/?fref=ts\" \/>\n<meta property=\"article:published_time\" content=\"2012-09-25T09:03:14+00:00\" \/>\n<meta property=\"article:modified_time\" content=\"2015-11-15T12:12:44+00:00\" \/>\n<meta property=\"og:image\" content=\"https:\/\/www.centroopticoalpedrete.com\/blog\/wp-content\/uploads\/2012\/09\/110415soto40_nm_0499.jpg\" \/>\n<meta name=\"author\" content=\"jesus\" \/>\n<meta name=\"twitter:card\" content=\"summary_large_image\" \/>\n<meta name=\"twitter:creator\" content=\"@oakleyalpedrete\" \/>\n<meta name=\"twitter:site\" content=\"@oakleyalpedrete\" \/>\n<meta name=\"twitter:label1\" content=\"Escrito por\" \/>\n\t<meta name=\"twitter:data1\" content=\"jesus\" \/>\n\t<meta name=\"twitter:label2\" content=\"Tiempo de lectura\" \/>\n\t<meta name=\"twitter:data2\" content=\"1 minuto\" \/>\n<script type=\"application\/ld+json\" class=\"yoast-schema-graph\">{\"@context\":\"https:\\\/\\\/schema.org\",\"@graph\":[{\"@type\":\"Article\",\"@id\":\"https:\\\/\\\/www.centroopticoalpedrete.com\\\/blog\\\/iberdrola-con-gafas-oakley-campeon-de-europa\\\/#article\",\"isPartOf\":{\"@id\":\"https:\\\/\\\/www.centroopticoalpedrete.com\\\/blog\\\/iberdrola-con-gafas-oakley-campeon-de-europa\\\/\"},\"author\":{\"name\":\"jesus\",\"@id\":\"https:\\\/\\\/www.centroopticoalpedrete.com\\\/blog\\\/#\\\/schema\\\/person\\\/47e1d49033e55fccf86a3237c79c715a\"},\"headline\":\"Iberdrola, con gafas Oakley, Campeon de Europa.\",\"datePublished\":\"2012-09-25T09:03:14+00:00\",\"dateModified\":\"2015-11-15T12:12:44+00:00\",\"mainEntityOfPage\":{\"@id\":\"https:\\\/\\\/www.centroopticoalpedrete.com\\\/blog\\\/iberdrola-con-gafas-oakley-campeon-de-europa\\\/\"},\"wordCount\":159,\"commentCount\":0,\"publisher\":{\"@id\":\"https:\\\/\\\/www.centroopticoalpedrete.com\\\/blog\\\/#organization\"},\"image\":{\"@id\":\"https:\\\/\\\/www.centroopticoalpedrete.com\\\/blog\\\/iberdrola-con-gafas-oakley-campeon-de-europa\\\/#primaryimage\"},\"thumbnailUrl\":\"https:\\\/\\\/www.centroopticoalpedrete.com\\\/blog\\\/wp-content\\\/uploads\\\/2012\\\/09\\\/110415soto40_nm_0499.jpg\",\"articleSection\":[\"Gafas Oakley\"],\"inLanguage\":\"es\",\"potentialAction\":[{\"@type\":\"CommentAction\",\"name\":\"Comment\",\"target\":[\"https:\\\/\\\/www.centroopticoalpedrete.com\\\/blog\\\/iberdrola-con-gafas-oakley-campeon-de-europa\\\/#respond\"]}]},{\"@type\":\"WebPage\",\"@id\":\"https:\\\/\\\/www.centroopticoalpedrete.com\\\/blog\\\/iberdrola-con-gafas-oakley-campeon-de-europa\\\/\",\"url\":\"https:\\\/\\\/www.centroopticoalpedrete.com\\\/blog\\\/iberdrola-con-gafas-oakley-campeon-de-europa\\\/\",\"name\":\"Iberdrola, con gafas Oakley, Campeon de Europa.\",\"isPartOf\":{\"@id\":\"https:\\\/\\\/www.centroopticoalpedrete.com\\\/blog\\\/#website\"},\"primaryImageOfPage\":{\"@id\":\"https:\\\/\\\/www.centroopticoalpedrete.com\\\/blog\\\/iberdrola-con-gafas-oakley-campeon-de-europa\\\/#primaryimage\"},\"image\":{\"@id\":\"https:\\\/\\\/www.centroopticoalpedrete.com\\\/blog\\\/iberdrola-con-gafas-oakley-campeon-de-europa\\\/#primaryimage\"},\"thumbnailUrl\":\"https:\\\/\\\/www.centroopticoalpedrete.com\\\/blog\\\/wp-content\\\/uploads\\\/2012\\\/09\\\/110415soto40_nm_0499.jpg\",\"datePublished\":\"2012-09-25T09:03:14+00:00\",\"dateModified\":\"2015-11-15T12:12:44+00:00\",\"description\":\"El 'Team Iberdrola' del armador donostiarra Agust\u00edn Zulueta y patroneado por el doble campe\u00f3n mundial de la clase J80, el c\u00e1ntabro Jos\u00e9 Mar\u00eda 'Pichu' Torcida, conseguido renovar su titulo de Campeon de Europa de la clase Soto 40 despues de concluir su su participaci\u00f3n con un tercer puesto en la \u00faltima manga , despu\u00e9s de un verdadero recital de navegaci\u00f3n durante cuatro jornadas. Ahora a por el Titulo Mundial en Bahia Concepcion (Chile) del 25 de Enero al 2 de Febrero de 2013.\",\"breadcrumb\":{\"@id\":\"https:\\\/\\\/www.centroopticoalpedrete.com\\\/blog\\\/iberdrola-con-gafas-oakley-campeon-de-europa\\\/#breadcrumb\"},\"inLanguage\":\"es\",\"potentialAction\":[{\"@type\":\"ReadAction\",\"target\":[\"https:\\\/\\\/www.centroopticoalpedrete.com\\\/blog\\\/iberdrola-con-gafas-oakley-campeon-de-europa\\\/\"]}]},{\"@type\":\"ImageObject\",\"inLanguage\":\"es\",\"@id\":\"https:\\\/\\\/www.centroopticoalpedrete.com\\\/blog\\\/iberdrola-con-gafas-oakley-campeon-de-europa\\\/#primaryimage\",\"url\":\"https:\\\/\\\/www.centroopticoalpedrete.com\\\/blog\\\/wp-content\\\/uploads\\\/2012\\\/09\\\/110415soto40_nm_0499.jpg\",\"contentUrl\":\"https:\\\/\\\/www.centroopticoalpedrete.com\\\/blog\\\/wp-content\\\/uploads\\\/2012\\\/09\\\/110415soto40_nm_0499.jpg\"},{\"@type\":\"BreadcrumbList\",\"@id\":\"https:\\\/\\\/www.centroopticoalpedrete.com\\\/blog\\\/iberdrola-con-gafas-oakley-campeon-de-europa\\\/#breadcrumb\",\"itemListElement\":[{\"@type\":\"ListItem\",\"position\":1,\"name\":\"Inicio\",\"item\":\"https:\\\/\\\/www.centroopticoalpedrete.com\\\/blog\\\/\"},{\"@type\":\"ListItem\",\"position\":2,\"name\":\"Gafas Oakley\",\"item\":\"https:\\\/\\\/www.centroopticoalpedrete.com\\\/blog\\\/gafas-oakley\\\/\"},{\"@type\":\"ListItem\",\"position\":3,\"name\":\"Iberdrola, con gafas Oakley, Campeon de Europa.\"}]},{\"@type\":\"WebSite\",\"@id\":\"https:\\\/\\\/www.centroopticoalpedrete.com\\\/blog\\\/#website\",\"url\":\"https:\\\/\\\/www.centroopticoalpedrete.com\\\/blog\\\/\",\"name\":\"Art\u00edculos sobre Gafas Deportivas Graduadas | Centro \u00d3ptico Alpedrete Blog\",\"description\":\"Especialista en Oakley y gafas de sol deportivas graduadas.\",\"publisher\":{\"@id\":\"https:\\\/\\\/www.centroopticoalpedrete.com\\\/blog\\\/#organization\"},\"potentialAction\":[{\"@type\":\"SearchAction\",\"target\":{\"@type\":\"EntryPoint\",\"urlTemplate\":\"https:\\\/\\\/www.centroopticoalpedrete.com\\\/blog\\\/?s={search_term_string}\"},\"query-input\":{\"@type\":\"PropertyValueSpecification\",\"valueRequired\":true,\"valueName\":\"search_term_string\"}}],\"inLanguage\":\"es\"},{\"@type\":\"Organization\",\"@id\":\"https:\\\/\\\/www.centroopticoalpedrete.com\\\/blog\\\/#organization\",\"name\":\"Centro Optico Alpedrete\",\"url\":\"https:\\\/\\\/www.centroopticoalpedrete.com\\\/blog\\\/\",\"logo\":{\"@type\":\"ImageObject\",\"inLanguage\":\"es\",\"@id\":\"https:\\\/\\\/www.centroopticoalpedrete.com\\\/blog\\\/#\\\/schema\\\/logo\\\/image\\\/\",\"url\":\"https:\\\/\\\/www.centroopticoalpedrete.com\\\/blog\\\/wp-content\\\/uploads\\\/2015\\\/11\\\/logo-optica-alpedrete.jpg\",\"contentUrl\":\"https:\\\/\\\/www.centroopticoalpedrete.com\\\/blog\\\/wp-content\\\/uploads\\\/2015\\\/11\\\/logo-optica-alpedrete.jpg\",\"width\":400,\"height\":105,\"caption\":\"Centro Optico Alpedrete\"},\"image\":{\"@id\":\"https:\\\/\\\/www.centroopticoalpedrete.com\\\/blog\\\/#\\\/schema\\\/logo\\\/image\\\/\"},\"sameAs\":[\"https:\\\/\\\/www.facebook.com\\\/Oakley.Madrid\\\/?fref=ts\",\"https:\\\/\\\/x.com\\\/oakleyalpedrete\",\"https:\\\/\\\/www.instagram.com\\\/centroopticoalpedrete\\\/\",\"https:\\\/\\\/www.youtube.com\\\/channel\\\/UCbLBidihhhYUBnq9PENoXEA\"]},{\"@type\":\"Person\",\"@id\":\"https:\\\/\\\/www.centroopticoalpedrete.com\\\/blog\\\/#\\\/schema\\\/person\\\/47e1d49033e55fccf86a3237c79c715a\",\"name\":\"jesus\",\"image\":{\"@type\":\"ImageObject\",\"inLanguage\":\"es\",\"@id\":\"https:\\\/\\\/secure.gravatar.com\\\/avatar\\\/cd5563c5f11674f247cd08298ce25d7d2b39d51f1f04e2d610eeb3960c2aa37a?s=96&d=mm&r=g\",\"url\":\"https:\\\/\\\/secure.gravatar.com\\\/avatar\\\/cd5563c5f11674f247cd08298ce25d7d2b39d51f1f04e2d610eeb3960c2aa37a?s=96&d=mm&r=g\",\"contentUrl\":\"https:\\\/\\\/secure.gravatar.com\\\/avatar\\\/cd5563c5f11674f247cd08298ce25d7d2b39d51f1f04e2d610eeb3960c2aa37a?s=96&d=mm&r=g\",\"caption\":\"jesus\"}}]}<\/script>\n<!-- \/ Yoast SEO plugin. -->","yoast_head_json":{"title":"Iberdrola, con gafas Oakley, Campeon de Europa.","description":"El 'Team Iberdrola' del armador donostiarra Agust\u00edn Zulueta y patroneado por el doble campe\u00f3n mundial de la clase J80, el c\u00e1ntabro Jos\u00e9 Mar\u00eda 'Pichu' Torcida, conseguido renovar su titulo de Campeon de Europa de la clase Soto 40 despues de concluir su su participaci\u00f3n con un tercer puesto en la \u00faltima manga , despu\u00e9s de un verdadero recital de navegaci\u00f3n durante cuatro jornadas. Ahora a por el Titulo Mundial en Bahia Concepcion (Chile) del 25 de Enero al 2 de Febrero de 2013.","robots":{"index":"index","follow":"follow","max-snippet":"max-snippet:-1","max-image-preview":"max-image-preview:large","max-video-preview":"max-video-preview:-1"},"canonical":"https:\/\/www.centroopticoalpedrete.com\/blog\/iberdrola-con-gafas-oakley-campeon-de-europa\/","og_locale":"es_ES","og_type":"article","og_title":"Iberdrola, con gafas Oakley, Campeon de Europa.","og_description":"El 'Team Iberdrola' del armador donostiarra Agust\u00edn Zulueta y patroneado por el doble campe\u00f3n mundial de la clase J80, el c\u00e1ntabro Jos\u00e9 Mar\u00eda 'Pichu' Torcida, conseguido renovar su titulo de Campeon de Europa de la clase Soto 40 despues de concluir su su participaci\u00f3n con un tercer puesto en la \u00faltima manga , despu\u00e9s de un verdadero recital de navegaci\u00f3n durante cuatro jornadas. Ahora a por el Titulo Mundial en Bahia Concepcion (Chile) del 25 de Enero al 2 de Febrero de 2013.","og_url":"https:\/\/www.centroopticoalpedrete.com\/blog\/iberdrola-con-gafas-oakley-campeon-de-europa\/","og_site_name":"Art\u00edculos sobre Gafas Deportivas Graduadas | Centro \u00d3ptico Alpedrete","article_publisher":"https:\/\/www.facebook.com\/Oakley.Madrid\/?fref=ts","article_published_time":"2012-09-25T09:03:14+00:00","article_modified_time":"2015-11-15T12:12:44+00:00","og_image":[{"url":"https:\/\/www.centroopticoalpedrete.com\/blog\/wp-content\/uploads\/2012\/09\/110415soto40_nm_0499.jpg","type":"","width":"","height":""}],"author":"jesus","twitter_card":"summary_large_image","twitter_creator":"@oakleyalpedrete","twitter_site":"@oakleyalpedrete","twitter_misc":{"Escrito por":"jesus","Tiempo de lectura":"1 minuto"},"schema":{"@context":"https:\/\/schema.org","@graph":[{"@type":"Article","@id":"https:\/\/www.centroopticoalpedrete.com\/blog\/iberdrola-con-gafas-oakley-campeon-de-europa\/#article","isPartOf":{"@id":"https:\/\/www.centroopticoalpedrete.com\/blog\/iberdrola-con-gafas-oakley-campeon-de-europa\/"},"author":{"name":"jesus","@id":"https:\/\/www.centroopticoalpedrete.com\/blog\/#\/schema\/person\/47e1d49033e55fccf86a3237c79c715a"},"headline":"Iberdrola, con gafas Oakley, Campeon de Europa.","datePublished":"2012-09-25T09:03:14+00:00","dateModified":"2015-11-15T12:12:44+00:00","mainEntityOfPage":{"@id":"https:\/\/www.centroopticoalpedrete.com\/blog\/iberdrola-con-gafas-oakley-campeon-de-europa\/"},"wordCount":159,"commentCount":0,"publisher":{"@id":"https:\/\/www.centroopticoalpedrete.com\/blog\/#organization"},"image":{"@id":"https:\/\/www.centroopticoalpedrete.com\/blog\/iberdrola-con-gafas-oakley-campeon-de-europa\/#primaryimage"},"thumbnailUrl":"https:\/\/www.centroopticoalpedrete.com\/blog\/wp-content\/uploads\/2012\/09\/110415soto40_nm_0499.jpg","articleSection":["Gafas Oakley"],"inLanguage":"es","potentialAction":[{"@type":"CommentAction","name":"Comment","target":["https:\/\/www.centroopticoalpedrete.com\/blog\/iberdrola-con-gafas-oakley-campeon-de-europa\/#respond"]}]},{"@type":"WebPage","@id":"https:\/\/www.centroopticoalpedrete.com\/blog\/iberdrola-con-gafas-oakley-campeon-de-europa\/","url":"https:\/\/www.centroopticoalpedrete.com\/blog\/iberdrola-con-gafas-oakley-campeon-de-europa\/","name":"Iberdrola, con gafas Oakley, Campeon de Europa.","isPartOf":{"@id":"https:\/\/www.centroopticoalpedrete.com\/blog\/#website"},"primaryImageOfPage":{"@id":"https:\/\/www.centroopticoalpedrete.com\/blog\/iberdrola-con-gafas-oakley-campeon-de-europa\/#primaryimage"},"image":{"@id":"https:\/\/www.centroopticoalpedrete.com\/blog\/iberdrola-con-gafas-oakley-campeon-de-europa\/#primaryimage"},"thumbnailUrl":"https:\/\/www.centroopticoalpedrete.com\/blog\/wp-content\/uploads\/2012\/09\/110415soto40_nm_0499.jpg","datePublished":"2012-09-25T09:03:14+00:00","dateModified":"2015-11-15T12:12:44+00:00","description":"El 'Team Iberdrola' del armador donostiarra Agust\u00edn Zulueta y patroneado por el doble campe\u00f3n mundial de la clase J80, el c\u00e1ntabro Jos\u00e9 Mar\u00eda 'Pichu' Torcida, conseguido renovar su titulo de Campeon de Europa de la clase Soto 40 despues de concluir su su participaci\u00f3n con un tercer puesto en la \u00faltima manga , despu\u00e9s de un verdadero recital de navegaci\u00f3n durante cuatro jornadas. Ahora a por el Titulo Mundial en Bahia Concepcion (Chile) del 25 de Enero al 2 de Febrero de 2013.","breadcrumb":{"@id":"https:\/\/www.centroopticoalpedrete.com\/blog\/iberdrola-con-gafas-oakley-campeon-de-europa\/#breadcrumb"},"inLanguage":"es","potentialAction":[{"@type":"ReadAction","target":["https:\/\/www.centroopticoalpedrete.com\/blog\/iberdrola-con-gafas-oakley-campeon-de-europa\/"]}]},{"@type":"ImageObject","inLanguage":"es","@id":"https:\/\/www.centroopticoalpedrete.com\/blog\/iberdrola-con-gafas-oakley-campeon-de-europa\/#primaryimage","url":"https:\/\/www.centroopticoalpedrete.com\/blog\/wp-content\/uploads\/2012\/09\/110415soto40_nm_0499.jpg","contentUrl":"https:\/\/www.centroopticoalpedrete.com\/blog\/wp-content\/uploads\/2012\/09\/110415soto40_nm_0499.jpg"},{"@type":"BreadcrumbList","@id":"https:\/\/www.centroopticoalpedrete.com\/blog\/iberdrola-con-gafas-oakley-campeon-de-europa\/#breadcrumb","itemListElement":[{"@type":"ListItem","position":1,"name":"Inicio","item":"https:\/\/www.centroopticoalpedrete.com\/blog\/"},{"@type":"ListItem","position":2,"name":"Gafas Oakley","item":"https:\/\/www.centroopticoalpedrete.com\/blog\/gafas-oakley\/"},{"@type":"ListItem","position":3,"name":"Iberdrola, con gafas Oakley, Campeon de Europa."}]},{"@type":"WebSite","@id":"https:\/\/www.centroopticoalpedrete.com\/blog\/#website","url":"https:\/\/www.centroopticoalpedrete.com\/blog\/","name":"Art\u00edculos sobre Gafas Deportivas Graduadas | Centro \u00d3ptico Alpedrete Blog","description":"Especialista en Oakley y gafas de sol deportivas graduadas.","publisher":{"@id":"https:\/\/www.centroopticoalpedrete.com\/blog\/#organization"},"potentialAction":[{"@type":"SearchAction","target":{"@type":"EntryPoint","urlTemplate":"https:\/\/www.centroopticoalpedrete.com\/blog\/?s={search_term_string}"},"query-input":{"@type":"PropertyValueSpecification","valueRequired":true,"valueName":"search_term_string"}}],"inLanguage":"es"},{"@type":"Organization","@id":"https:\/\/www.centroopticoalpedrete.com\/blog\/#organization","name":"Centro Optico Alpedrete","url":"https:\/\/www.centroopticoalpedrete.com\/blog\/","logo":{"@type":"ImageObject","inLanguage":"es","@id":"https:\/\/www.centroopticoalpedrete.com\/blog\/#\/schema\/logo\/image\/","url":"https:\/\/www.centroopticoalpedrete.com\/blog\/wp-content\/uploads\/2015\/11\/logo-optica-alpedrete.jpg","contentUrl":"https:\/\/www.centroopticoalpedrete.com\/blog\/wp-content\/uploads\/2015\/11\/logo-optica-alpedrete.jpg","width":400,"height":105,"caption":"Centro Optico Alpedrete"},"image":{"@id":"https:\/\/www.centroopticoalpedrete.com\/blog\/#\/schema\/logo\/image\/"},"sameAs":["https:\/\/www.facebook.com\/Oakley.Madrid\/?fref=ts","https:\/\/x.com\/oakleyalpedrete","https:\/\/www.instagram.com\/centroopticoalpedrete\/","https:\/\/www.youtube.com\/channel\/UCbLBidihhhYUBnq9PENoXEA"]},{"@type":"Person","@id":"https:\/\/www.centroopticoalpedrete.com\/blog\/#\/schema\/person\/47e1d49033e55fccf86a3237c79c715a","name":"jesus","image":{"@type":"ImageObject","inLanguage":"es","@id":"https:\/\/secure.gravatar.com\/avatar\/cd5563c5f11674f247cd08298ce25d7d2b39d51f1f04e2d610eeb3960c2aa37a?s=96&d=mm&r=g","url":"https:\/\/secure.gravatar.com\/avatar\/cd5563c5f11674f247cd08298ce25d7d2b39d51f1f04e2d610eeb3960c2aa37a?s=96&d=mm&r=g","contentUrl":"https:\/\/secure.gravatar.com\/avatar\/cd5563c5f11674f247cd08298ce25d7d2b39d51f1f04e2d610eeb3960c2aa37a?s=96&d=mm&r=g","caption":"jesus"}}]}},"_links":{"self":[{"href":"https:\/\/www.centroopticoalpedrete.com\/blog\/wp-json\/wp\/v2\/posts\/1922","targetHints":{"allow":["GET"]}}],"collection":[{"href":"https:\/\/www.centroopticoalpedrete.com\/blog\/wp-json\/wp\/v2\/posts"}],"about":[{"href":"https:\/\/www.centroopticoalpedrete.com\/blog\/wp-json\/wp\/v2\/types\/post"}],"author":[{"embeddable":true,"href":"https:\/\/www.centroopticoalpedrete.com\/blog\/wp-json\/wp\/v2\/users\/1"}],"replies":[{"embeddable":true,"href":"https:\/\/www.centroopticoalpedrete.com\/blog\/wp-json\/wp\/v2\/comments?post=1922"}],"version-history":[{"count":0,"href":"https:\/\/www.centroopticoalpedrete.com\/blog\/wp-json\/wp\/v2\/posts\/1922\/revisions"}],"wp:attachment":[{"href":"https:\/\/www.centroopticoalpedrete.com\/blog\/wp-json\/wp\/v2\/media?parent=1922"}],"wp:term":[{"taxonomy":"category","embeddable":true,"href":"https:\/\/www.centroopticoalpedrete.com\/blog\/wp-json\/wp\/v2\/categories?post=1922"},{"taxonomy":"post_tag","embeddable":true,"href":"https:\/\/www.centroopticoalpedrete.com\/blog\/wp-json\/wp\/v2\/tags?post=1922"}],"curies":[{"name":"wp","href":"https:\/\/api.w.org\/{rel}","templated":true}]}}